{"id":1754,"date":"2022-06-30T19:55:16","date_gmt":"2022-06-30T22:55:16","guid":{"rendered":"https:\/\/sleder.adv.br\/?p=1754"},"modified":"2022-09-12T11:19:12","modified_gmt":"2022-09-12T14:19:12","slug":"plano-safra-2022-2023","status":"publish","type":"post","link":"https:\/\/sleder.adv.br\/?p=1754","title":{"rendered":"PLANO SAFRA 2022\/2023"},"content":{"rendered":"\t\t<div data-elementor-type=\"wp-post\" data-elementor-id=\"1754\" class=\"elementor elementor-1754\">\n\t\t\t\t\t\t<section class=\"elementor-section elementor-top-section elementor-element elementor-element-7fa6799c elementor-section-boxed elementor-section-height-default elementor-section-height-default\" data-id=\"7fa6799c\" data-element_type=\"section\" data-e-type=\"section\">\n\t\t\t\t\t\t<div class=\"elementor-container elementor-column-gap-default\">\n\t\t\t\t\t<div class=\"elementor-column elementor-col-100 elementor-top-column elementor-element elementor-element-3f59195b\" data-id=\"3f59195b\" data-element_type=\"column\" data-e-type=\"column\">\n\t\t\t<div class=\"elementor-widget-wrap elementor-element-populated\">\n\t\t\t\t\t\t<div class=\"elementor-element elementor-element-2d2b9673 elementor-widget elementor-widget-text-editor\" data-id=\"2d2b9673\" data-element_type=\"widget\" data-e-type=\"widget\" data-widget_type=\"text-editor.default\">\n\t\t\t\t<div class=\"elementor-widget-container\">\n\t\t\t\t\t\t\t\t\t<p><\/p>\n<p style=\"text-align: left;\">Foi lan\u00e7ado no dia 29.06.2022 pelo Governo Federal o Plano Safra 2022\/2023, sendo disponibilizado o astron\u00f4mico valor de R$ 340,88 bilh\u00f5es para apoiar a produ\u00e7\u00e3o agropecu\u00e1ria nacional at\u00e9 junho do pr\u00f3ximo ano.<\/p>\n<p><\/p>\n<p><\/p>\n<p>Do total de recursos disponibilizados no Plano Safra 2022\/2023 R$ 246,28 bilh\u00f5es ser\u00e3o destinados ao custeio e comercializa\u00e7\u00e3o, apresentado uma alta de 39% em rela\u00e7\u00e3o ao ano anterior. Outros R$ 94,6 bilh\u00f5es ser\u00e3o destinados ao setor de investimentos, totalizando um crescimento de 29%.<\/p>\n<p><\/p>\n<p><\/p>\n<p>Contudo, diante do aumento da Taxa Selic, os juros de cr\u00e9dito rural tiveram modifica\u00e7\u00f5es de acordo com a categoria que se enquadra o agricultor benefici\u00e1rio, sendo priorizados os pequenos e m\u00e9dios produtores rurais.<\/p>\n<p><\/p>\n<p><\/p>\n<p>Os recursos para os pequenos produtores rurais tiveram um acr\u00e9scimo de 36% em cole\u00e7\u00e3o com o plano safra anterior, sendo destinados R$ 53,61 bilh\u00f5es para financiamentos oriundos do Programa Nacional de Fortalecimento da Agricultura Familiar &#8211; PRONAF, aplicando para esta categoria juros remunerat\u00f3rios de 5% ao ano (destinados aos produtores de alimentos diretos e produtos oriundos da sociobiodiversidade) e 6% ao ano (para os demais produtos).<\/p>\n<p><\/p>\n<p><\/p>\n<p>Para o produtor de m\u00e9dio porte que se enquadra no Programa Nacional de Apoio ao M\u00e9dio Produtor Rural &#8211; PRONAMP -, foram disponibilizados R$ 43,75 bilh\u00f5es, aplicando para os casos, juros de at\u00e9 8% ao ano.<\/p>\n<p><\/p>\n<p><\/p>\n<p>Para os demais produtores e cooperativas, o total disponibilizado pelo Plano Safra 22\/23 chega a R$ 243,4 bilh\u00f5es, com taxas de juros de 12% ao ano, atingindo o teto m\u00e1ximo permitido pela legisla\u00e7\u00e3o rural vigente.<\/p>\n<p><\/p>\n<p><\/p>\n<p>Uma novidade trazida pelo Plano Safra 22\/23 \u00e9 o financiamento de remineralizadores de solo, atrav\u00e9s da utiliza\u00e7\u00e3o de p\u00f3 de rocha, cujo objetivo se d\u00e1 atrav\u00e9s do potencial de reduzir a depend\u00eancia dos fertilizantes importados, produzidos em sua grande maioria na regi\u00e3o leste europeia, atingida pela guerra da R\u00fassia x Urania.<\/p>\n<p><\/p>\n<p><\/p>\n<p>Ainda, considerado que na atualidade o produtor rural est\u00e1 cada vez mais atento \u00e0s inova\u00e7\u00f5es tecnol\u00f3gicas, o Plano Safra disponibilizar\u00e1 recursos para investimentos necess\u00e1rios para a ado\u00e7\u00e3o de boas pr\u00e1ticas agropecu\u00e1rias e de gest\u00e3o da propriedade, com o intuito de automatizar a produ\u00e7\u00e3o. Assim, o financiamento \u201cInovagro\u201d ter\u00e1, nos moldes do Plano Safra 20\/23, R$ 3,51 bilh\u00f5es em recursos, com juros de 10,5% ao ano, destinados a implementa\u00e7\u00e3o tecnol\u00f3gica dos produtores rurais.<\/p>\n<p><\/p>\n<p><\/p>\n<p>O Minist\u00e9rio da Agricultura ainda anunciou que R$ 2 bilh\u00f5es ser\u00e3o destinados \u00e0 subven\u00e7\u00e3o do pr\u00eamio do seguro rural, sendo mantida a regra atual de porcentuais de subven\u00e7\u00e3o: 20% para as lavouras de soja e de 40% para outros gr\u00e3os e demais culturas.<\/p>\n<p><\/p>\n<p><\/p>\n<p>O programa do seguro rural prev\u00ea tamb\u00e9m porcentuais diferenciados de subven\u00e7\u00e3o para produtores rurais que adotam a Agricultura de Baixo Carbono, sendo que na cultura da soja, ser\u00e1 de 25% e na produ\u00e7\u00e3o de demais gr\u00e3os e culturas, 45%.<\/p>\n<p><\/p>\n<p><\/p>\n<p>Portanto, \u00e9 de suma import\u00e2ncia que todos os produtores rurais fiquem atentos aos financiamentos que ir\u00e3o firmar, bem como as inova\u00e7\u00f5es e benef\u00edcios trazidos com o Plano Safra 22\/23 buscando, atrav\u00e9s de consultorias especializadas, a melhor forma de planejamento de sua produ\u00e7\u00e3o e utiliza\u00e7\u00e3o de capital, efetivando seu direito nos termos das legisla\u00e7\u00f5es p\u00e1trias que vers\u00e3o sobre o direito do agroneg\u00f3cio.<\/p>\n<p><\/p>\n<p><\/p>\n<p>Fonte: <a href=\"https:\/\/www.gov.br\/agricultura\/pt-br\/assuntos\/politica-agricola\/plano-safra\/2022-2023\">https:\/\/www.gov.br\/agricultura\/pt-br\/assuntos\/politica-agricola\/plano-safra\/2022-2023<\/a><\/p>\n<p><\/p>\n<p><\/p>\n<p style=\"text-align: right; \"><b>Maria Beatriz Colafatti Da Silva<\/b><br><\/p>\n<p><\/p>\t\t\t\t\t\t\t\t<\/div>\n\t\t\t\t<\/div>\n\t\t\t\t\t<\/div>\n\t\t<\/div>\n\t\t\t\t\t<\/div>\n\t\t<\/section>\n\t\t\t\t<\/div>\n\t\t","protected":false},"excerpt":{"rendered":"<p>Foi lan\u00e7ado no dia 29.06.2022 pelo Governo Federal o Plano Safra 2022\/2023, sendo disponibilizado o astron\u00f4mico valor de R$ 340,88 bilh\u00f5es para apoiar a produ\u00e7\u00e3o agropecu\u00e1ria nacional at\u00e9 junho do pr\u00f3ximo ano. Do total de recursos disponibilizados no Plano Safra 2022\/2023 R$ 246,28 bilh\u00f5es ser\u00e3o destinados ao custeio e comercializa\u00e7\u00e3o, apresentado uma alta de 39% [&hellip;]<\/p>\n","protected":false},"author":1,"featured_media":1757,"comment_status":"open","ping_status":"open","sticky":false,"template":"","format":"standard","meta":{"site-sidebar-layout":"default","site-content-layout":"","ast-site-content-layout":"default","site-content-style":"default","site-sidebar-style":"default","ast-global-header-display":"","ast-banner-title-visibility":"","ast-main-header-display":"","ast-hfb-above-header-display":"","ast-hfb-below-header-display":"","ast-hfb-mobile-header-display":"","site-post-title":"","ast-breadcrumbs-content":"","ast-featured-img":"","footer-sml-layout":"","theme-transparent-header-meta":"","adv-header-id-meta":"","stick-header-meta":"","header-above-stick-meta":"","header-main-stick-meta":"","header-below-stick-meta":"","astra-migrate-meta-layouts":"default","ast-page-background-enabled":"default","ast-page-background-meta":{"desktop":{"background-color":"var(--ast-global-color-4)","background-image":"","background-repeat":"repeat","background-position":"center center","background-size":"auto","background-attachment":"scroll","background-type":"","background-media":"","overlay-type":"","overlay-color":"","overlay-opacity":"","overlay-gradient":""},"tablet":{"background-color":"","background-image":"","background-repeat":"repeat","background-position":"center center","background-size":"auto","background-attachment":"scroll","background-type":"","background-media":"","overlay-type":"","overlay-color":"","overlay-opacity":"","overlay-gradient":""},"mobile":{"background-color":"","background-image":"","background-repeat":"repeat","background-position":"center center","background-size":"auto","background-attachment":"scroll","background-type":"","background-media":"","overlay-type":"","overlay-color":"","overlay-opacity":"","overlay-gradient":""}},"ast-content-background-meta":{"desktop":{"background-color":"var(--ast-global-color-5)","background-image":"","background-repeat":"repeat","background-position":"center center","background-size":"auto","background-attachment":"scroll","background-type":"","background-media":"","overlay-type":"","overlay-color":"","overlay-opacity":"","overlay-gradient":""},"tablet":{"background-color":"var(--ast-global-color-5)","background-image":"","background-repeat":"repeat","background-position":"center center","background-size":"auto","background-attachment":"scroll","background-type":"","background-media":"","overlay-type":"","overlay-color":"","overlay-opacity":"","overlay-gradient":""},"mobile":{"background-color":"var(--ast-global-color-5)","background-image":"","background-repeat":"repeat","background-position":"center center","background-size":"auto","background-attachment":"scroll","background-type":"","background-media":"","overlay-type":"","overlay-color":"","overlay-opacity":"","overlay-gradient":""}},"footnotes":""},"categories":[1],"tags":[],"class_list":["post-1754","post","type-post","status-publish","format-standard","has-post-thumbnail","hentry","category-sem-categoria"],"_links":{"self":[{"href":"https:\/\/sleder.adv.br\/index.php?rest_route=\/wp\/v2\/posts\/1754","targetHints":{"allow":["GET"]}}],"collection":[{"href":"https:\/\/sleder.adv.br\/index.php?rest_route=\/wp\/v2\/posts"}],"about":[{"href":"https:\/\/sleder.adv.br\/index.php?rest_route=\/wp\/v2\/types\/post"}],"author":[{"embeddable":true,"href":"https:\/\/sleder.adv.br\/index.php?rest_route=\/wp\/v2\/users\/1"}],"replies":[{"embeddable":true,"href":"https:\/\/sleder.adv.br\/index.php?rest_route=%2Fwp%2Fv2%2Fcomments&post=1754"}],"version-history":[{"count":0,"href":"https:\/\/sleder.adv.br\/index.php?rest_route=\/wp\/v2\/posts\/1754\/revisions"}],"wp:featuredmedia":[{"embeddable":true,"href":"https:\/\/sleder.adv.br\/index.php?rest_route=\/wp\/v2\/media\/1757"}],"wp:attachment":[{"href":"https:\/\/sleder.adv.br\/index.php?rest_route=%2Fwp%2Fv2%2Fmedia&parent=1754"}],"wp:term":[{"taxonomy":"category","embeddable":true,"href":"https:\/\/sleder.adv.br\/index.php?rest_route=%2Fwp%2Fv2%2Fcategories&post=1754"},{"taxonomy":"post_tag","embeddable":true,"href":"https:\/\/sleder.adv.br\/index.php?rest_route=%2Fwp%2Fv2%2Ftags&post=1754"}],"curies":[{"name":"wp","href":"https:\/\/api.w.org\/{rel}","templated":true}]}}