{"id":200,"date":"2022-01-30T23:52:16","date_gmt":"2022-01-31T02:52:16","guid":{"rendered":"http:\/\/sleder.adv.br\/?p=200"},"modified":"2022-07-29T08:12:29","modified_gmt":"2022-07-29T11:12:29","slug":"teste-2","status":"publish","type":"post","link":"https:\/\/sleder.adv.br\/?p=200","title":{"rendered":"Os Contratos de Trabalho \u00e0 Luz da Lei Geral de Prote\u00e7\u00e3o de Dados Pessoais (LGPD)"},"content":{"rendered":"\t\t<div data-elementor-type=\"wp-post\" data-elementor-id=\"200\" class=\"elementor elementor-200\">\n\t\t\t\t\t\t<section class=\"elementor-section elementor-top-section elementor-element elementor-element-478062bc elementor-section-boxed elementor-section-height-default elementor-section-height-default\" data-id=\"478062bc\" data-element_type=\"section\" data-e-type=\"section\">\n\t\t\t\t\t\t<div class=\"elementor-container elementor-column-gap-default\">\n\t\t\t\t\t<div class=\"elementor-column elementor-col-100 elementor-top-column elementor-element elementor-element-492adae1\" data-id=\"492adae1\" data-element_type=\"column\" data-e-type=\"column\">\n\t\t\t<div class=\"elementor-widget-wrap elementor-element-populated\">\n\t\t\t\t\t\t<div class=\"elementor-element elementor-element-2ab60b9 elementor-widget elementor-widget-text-editor\" data-id=\"2ab60b9\" data-element_type=\"widget\" data-e-type=\"widget\" data-widget_type=\"text-editor.default\">\n\t\t\t\t<div class=\"elementor-widget-container\">\n\t\t\t\t\t\t\t\t\t\n<p><strong>Resumo:&nbsp;<\/strong>Frente a evolu\u00e7\u00e3o das rela\u00e7\u00f5es sociais, a Lei 13.709\/2018 (LGPD) busca criar um cen\u00e1rio para promover a prote\u00e7\u00e3o aos dados pessoais dos indiv\u00edduos, desde a utiliza\u00e7\u00e3o de redes sociais at\u00e9 aos contratos de trabalho, uma vez que influencia diferentes setores e servi\u00e7os, bem como a todos os brasileiros, seja no papel de indiv\u00edduo, empresa ou governo.<\/p>\n\n\n\n<p><strong>Palavras-chave:&nbsp;<\/strong>LGPD; prote\u00e7\u00e3o; dados pessoais; privacidade; contratos de trabalho.<\/p>\n\n\n\n<p>A Lei Geral de Prote\u00e7\u00e3o de Dados Pessoais (Lei n\u00ba. 13.709\/2018) possui como objetivo principal regulamentar a atividade do tratamento de dados atrav\u00e9s da prote\u00e7\u00e3o da privacidade dos indiv\u00edduos, inclusive nos meios digitais, tanto por pessoas f\u00edsicas quanto jur\u00eddicas.<\/p>\n\n\n\n<p>Apesar de n\u00e3o mencionar expressamente as especificidades relativas \u00e0s rela\u00e7\u00f5es de trabalho, a LGPD prev\u00ea a prote\u00e7\u00e3o de dados pessoais alcan\u00e7ando n\u00e3o somente o per\u00edodo de vig\u00eancia do contrato de trabalho em si, mas tamb\u00e9m as fases pr\u00e9-contratual e p\u00f3s-contratual, ou seja, desde o processo seletivo e admissional, at\u00e9 ap\u00f3s o encerramento do contrato de trabalho.<\/p>\n\n\n\n<p>Isso quer dizer que as empresas devem se preocupar com a prote\u00e7\u00e3o de dados tanto dos atuais colaboradores, quanto de seus candidatos \u00e0 vaga de emprego e ex-empregados, e at\u00e9 mesmo daqueles que de algum modo mant\u00e9m alguma rela\u00e7\u00e3o de presta\u00e7\u00e3o de servi\u00e7os, operando ou n\u00e3o sob o regime da Consolida\u00e7\u00e3o das Leis do Trabalho (CLT).<\/p>\n\n\n\n<p>Ao celebrar um contrato de trabalho, o empregado acaba por fornecer diversos dados pessoais que demandam especial cuidado por parte do empregador, o qual, por seu turno, passa a ser o administrator destes dados e tem o dever de proteg\u00ea-los.<\/p>\n\n\n\n<p>Por esta raz\u00e3o, \u00e9 de suma import\u00e2ncia que a empresa contratante observe atentamente os princ\u00edpios indicados pela lei, quais sejam: os direitos fundamentais de liberdade, de privacidade e o livre desenvolvimento da personalidade, sob pena de sofrer san\u00e7\u00f5es administrativas como, por exemplo, a suspens\u00e3o do exerc\u00edcio da atividade de tratamento dos dados pessoais e multa de at\u00e9 R$ 50.000.000,00 (cinquenta milh\u00f5es de reais), podendo gerar graves preju\u00edzos \u00e0 empresa.<\/p>\n\n\n\n<p>A necessidade de assegurar os dados pessoais dos empregados exige uma maior aten\u00e7\u00e3o, haja vista que, por determina\u00e7\u00e3o legal, o contratante fica submetido \u00e0 fornecer esses dados para terceiros, tais como fornecedores de vale-refei\u00e7\u00e3o, de vale-transporte, ou empresa de plano de sa\u00fade, e, em raz\u00e3o disso, a empresa dever\u00e1 ser totalmente transparente com seus empregados acerca dos dados que s\u00e3o compartilhados, sendo imprescind\u00edvel que o colaborador autorize expressamente sua utiliza\u00e7\u00e3o.<\/p>\n\n\n\n<p>Importante ressaltar que, em que pese o empregado precise autorizar expressamente o uso e fornecimento de seus dados, a empresa n\u00e3o fica obrigada a obter o consentimento sobre os dados que sejam necess\u00e1rios para a pr\u00f3pria execu\u00e7\u00e3o do contrato de trabalho, mas, do contr\u00e1rio, o tratamento destes dados depender\u00e1 de consentimento de seu titular.<\/p>\n\n\n\n<p>Portanto, o tratamento, o armazenamento e o compartilhamento dos dados pessoais dos empregados podem ser realizados desde que observadas as hip\u00f3teses dos incisos do artigo 7\u00ba da LGPD, ou seja, com todo o cuidado poss\u00edvel e apenas dos dados considerados efetivamente necess\u00e1rios para a execu\u00e7\u00e3o do contrato de trabalho.<\/p>\n\n\n\n<p>Diante do exposto, com o prop\u00f3sito de evitar riscos e preju\u00edzos graves, \u00e9 imperiosa e urgente que as empresas treinem e capacitem seus empregados que lidam com os dados pessoais de outros empregados da empresa, adequando-se \u00e0 LGPD, especialmente em rela\u00e7\u00e3o aos seus impactos nos contratos de trabalho, sendo, inclusive, recomend\u00e1vel a contrata\u00e7\u00e3o de profissionais da \u00e1rea jur\u00eddica e tecnol\u00f3gica para auxiliar na identifica\u00e7\u00e3o de eventuais riscos e adapta\u00e7\u00f5es \u00e0s normas de prote\u00e7\u00e3o de dados, medidas de seguran\u00e7a da informa\u00e7\u00e3o e cria\u00e7\u00e3o de gest\u00e3o do banco de dados pessoais.<\/p>\n\n\n\n<p>Por isso, adeque-se a tempo!<\/p>\n\n\n<figure style=\"width:15%;height:15%;\" class=\"wp-block-post-featured-image\"><img fetchpriority=\"high\" decoding=\"async\" width=\"375\" height=\"562\" src=\"https:\/\/sleder.adv.br\/wp-content\/uploads\/2022\/01\/WhatsApp-Image-2022-07-28-at-14.53.57.jpeg\" class=\"attachment-post-thumbnail size-post-thumbnail wp-post-image\" alt=\"\" style=\"height:15%;object-fit:cover;\" srcset=\"https:\/\/sleder.adv.br\/wp-content\/uploads\/2022\/01\/WhatsApp-Image-2022-07-28-at-14.53.57.jpeg 375w, https:\/\/sleder.adv.br\/wp-content\/uploads\/2022\/01\/WhatsApp-Image-2022-07-28-at-14.53.57-200x300.jpeg 200w\" sizes=\"(max-width: 375px) 100vw, 375px\" \/><\/figure>\t\t\t\t\t\t\t\t<\/div>\n\t\t\t\t<\/div>\n\t\t\t\t\t<\/div>\n\t\t<\/div>\n\t\t\t\t\t<\/div>\n\t\t<\/section>\n\t\t\t\t<\/div>\n\t\t","protected":false},"excerpt":{"rendered":"<p>Resumo:&nbsp;Frente a evolu\u00e7\u00e3o das rela\u00e7\u00f5es sociais, a Lei 13.709\/2018 (LGPD) busca criar um cen\u00e1rio para promover a prote\u00e7\u00e3o aos dados pessoais dos indiv\u00edduos, desde a utiliza\u00e7\u00e3o de redes sociais at\u00e9 aos contratos de trabalho, uma vez que influencia diferentes setores e servi\u00e7os, bem como a todos os brasileiros, seja no papel de indiv\u00edduo, empresa ou [&hellip;]<\/p>\n","protected":false},"author":1,"featured_media":1918,"comment_status":"open","ping_status":"closed","sticky":false,"template":"","format":"standard","meta":{"site-sidebar-layout":"default","site-content-layout":"","ast-site-content-layout":"default","site-content-style":"default","site-sidebar-style":"default","ast-global-header-display":"","ast-banner-title-visibility":"","ast-main-header-display":"","ast-hfb-above-header-display":"","ast-hfb-below-header-display":"","ast-hfb-mobile-header-display":"","site-post-title":"","ast-breadcrumbs-content":"","ast-featured-img":"","footer-sml-layout":"","theme-transparent-header-meta":"","adv-header-id-meta":"","stick-header-meta":"","header-above-stick-meta":"","header-main-stick-meta":"","header-below-stick-meta":"","astra-migrate-meta-layouts":"default","ast-page-background-enabled":"default","ast-page-background-meta":{"desktop":{"background-color":"var(--ast-global-color-4)","background-image":"","background-repeat":"repeat","background-position":"center center","background-size":"auto","background-attachment":"scroll","background-type":"","background-media":"","overlay-type":"","overlay-color":"","overlay-opacity":"","overlay-gradient":""},"tablet":{"background-color":"","background-image":"","background-repeat":"repeat","background-position":"center center","background-size":"auto","background-attachment":"scroll","background-type":"","background-media":"","overlay-type":"","overlay-color":"","overlay-opacity":"","overlay-gradient":""},"mobile":{"background-color":"","background-image":"","background-repeat":"repeat","background-position":"center center","background-size":"auto","background-attachment":"scroll","background-type":"","background-media":"","overlay-type":"","overlay-color":"","overlay-opacity":"","overlay-gradient":""}},"ast-content-background-meta":{"desktop":{"background-color":"var(--ast-global-color-5)","background-image":"","background-repeat":"repeat","background-position":"center center","background-size":"auto","background-attachment":"scroll","background-type":"","background-media":"","overlay-type":"","overlay-color":"","overlay-opacity":"","overlay-gradient":""},"tablet":{"background-color":"var(--ast-global-color-5)","background-image":"","background-repeat":"repeat","background-position":"center center","background-size":"auto","background-attachment":"scroll","background-type":"","background-media":"","overlay-type":"","overlay-color":"","overlay-opacity":"","overlay-gradient":""},"mobile":{"background-color":"var(--ast-global-color-5)","background-image":"","background-repeat":"repeat","background-position":"center center","background-size":"auto","background-attachment":"scroll","background-type":"","background-media":"","overlay-type":"","overlay-color":"","overlay-opacity":"","overlay-gradient":""}},"footnotes":""},"categories":[1],"tags":[],"class_list":["post-200","post","type-post","status-publish","format-standard","has-post-thumbnail","hentry","category-sem-categoria"],"_links":{"self":[{"href":"https:\/\/sleder.adv.br\/index.php?rest_route=\/wp\/v2\/posts\/200","targetHints":{"allow":["GET"]}}],"collection":[{"href":"https:\/\/sleder.adv.br\/index.php?rest_route=\/wp\/v2\/posts"}],"about":[{"href":"https:\/\/sleder.adv.br\/index.php?rest_route=\/wp\/v2\/types\/post"}],"author":[{"embeddable":true,"href":"https:\/\/sleder.adv.br\/index.php?rest_route=\/wp\/v2\/users\/1"}],"replies":[{"embeddable":true,"href":"https:\/\/sleder.adv.br\/index.php?rest_route=%2Fwp%2Fv2%2Fcomments&post=200"}],"version-history":[{"count":0,"href":"https:\/\/sleder.adv.br\/index.php?rest_route=\/wp\/v2\/posts\/200\/revisions"}],"wp:featuredmedia":[{"embeddable":true,"href":"https:\/\/sleder.adv.br\/index.php?rest_route=\/wp\/v2\/media\/1918"}],"wp:attachment":[{"href":"https:\/\/sleder.adv.br\/index.php?rest_route=%2Fwp%2Fv2%2Fmedia&parent=200"}],"wp:term":[{"taxonomy":"category","embeddable":true,"href":"https:\/\/sleder.adv.br\/index.php?rest_route=%2Fwp%2Fv2%2Fcategories&post=200"},{"taxonomy":"post_tag","embeddable":true,"href":"https:\/\/sleder.adv.br\/index.php?rest_route=%2Fwp%2Fv2%2Ftags&post=200"}],"curies":[{"name":"wp","href":"https:\/\/api.w.org\/{rel}","templated":true}]}}