{"id":2020,"date":"2022-09-11T23:30:30","date_gmt":"2022-09-12T02:30:30","guid":{"rendered":"https:\/\/sleder.adv.br\/?p=2020"},"modified":"2022-09-25T21:28:29","modified_gmt":"2022-09-26T00:28:29","slug":"itr-imposto-sobre-a-propriedade-rural-conceitos-e-prazos-para-declaracao-no-ano-de-2022","status":"publish","type":"post","link":"https:\/\/sleder.adv.br\/?p=2020","title":{"rendered":"ITR \u2013 Imposto sobre a Propriedade Rural &#8211; conceitos e prazos para declara\u00e7\u00e3o no ano de 2022."},"content":{"rendered":"\t\t<div data-elementor-type=\"wp-post\" data-elementor-id=\"2020\" class=\"elementor elementor-2020\">\n\t\t\t\t\t\t<section class=\"elementor-section elementor-top-section elementor-element elementor-element-69c52fbd elementor-section-boxed elementor-section-height-default elementor-section-height-default\" data-id=\"69c52fbd\" data-element_type=\"section\" data-e-type=\"section\">\n\t\t\t\t\t\t<div class=\"elementor-container elementor-column-gap-default\">\n\t\t\t\t\t<div class=\"elementor-column elementor-col-100 elementor-top-column elementor-element elementor-element-49ff6020\" data-id=\"49ff6020\" data-element_type=\"column\" data-e-type=\"column\">\n\t\t\t<div class=\"elementor-widget-wrap elementor-element-populated\">\n\t\t\t\t\t\t<div class=\"elementor-element elementor-element-70f667cd elementor-widget elementor-widget-text-editor\" data-id=\"70f667cd\" data-element_type=\"widget\" data-e-type=\"widget\" data-widget_type=\"text-editor.default\">\n\t\t\t\t<div class=\"elementor-widget-container\">\n\t\t\t\t\t\t\t\t\t<p><\/p>\n<p>Inicialmente, \u00e9 importante esclarecer que o Imposto Sobre a Propriedade Territorial Rural (ITR) \u00e9 um tributo federal que se cobra anualmente das propriedades rurais.<\/p>\n<p><\/p>\n<p><\/p>\n<p>Este tributo \u00e9 pago pelo propriet\u00e1rio da terra (pessoas f\u00edsicas ou jur\u00eddicas), titulares de dom\u00ednio \u00fatil ou possuidoras de qualquer t\u00edtulo de im\u00f3vel rural, inclusive os usufrutu\u00e1rios e est\u00e1 regulado pela Lei n. 9.393\/1996.<\/p>\n<p><\/p>\n<p><\/p>\n<p>Contudo, por ser um tributo federal, a previs\u00e3o legal do ITR est\u00e1 prevista no artigo 153, inciso VI, da Constitui\u00e7\u00e3o Federal e o seu valor \u00e9 calculado sobre o tamanho e grau de utiliza\u00e7\u00e3o da \u00e1rea rural, podendo suas as al\u00edquotas variarem de 0,03% e 20%.<\/p>\n<p><\/p>\n<p><\/p>\n<p>Entretanto, em rela\u00e7\u00e3o ao recolhimento deste imposto a legisla\u00e7\u00e3o vigente prev\u00ea algumas imunidades e isen\u00e7\u00f5es.<\/p>\n<p><\/p>\n<p><\/p>\n<p>A t\u00edtulo de explica\u00e7\u00e3o, entende-se por imunidade a hip\u00f3tese de n\u00e3o incid\u00eancia tribut\u00e1ria constitucionalmente qualificada, ou seja, \u00e9 uma limita\u00e7\u00e3o constitucional ao poder de tributar.<\/p>\n<p><\/p>\n<p><\/p>\n<p>Quanto a isen\u00e7\u00e3o, est\u00e1 pode ser considerada uma hip\u00f3tese de n\u00e3o incid\u00eancia legalmente qualificada ou a dispensa legal do pagamento de determinado tributo devido. Conforme o C\u00f3digo Tribut\u00e1rio Nacional, trata-se de uma exclus\u00e3o do cr\u00e9dito tribut\u00e1rio, pois, embora tenha ocorrido o fato gerador do tributo, o ente tributante est\u00e1 impedido de constituir e cobrar o cr\u00e9dito tribut\u00e1rio, n\u00e3o dispensando, todavia, o cumprimento das obriga\u00e7\u00f5es acess\u00f3rias, dependentes da obriga\u00e7\u00e3o principal.<\/p>\n<p><\/p>\n<p><\/p>\n<p>As imunidades sobre o ITR s\u00e3o encontradas no Decreto n. 4.382\/2002 e incendem sobre as pequenas glebas rurais exploradas por uma fam\u00edlia ou por uma \u00fanica pessoa, com \u00e1reas iguais ou inferiores a 100 hectares, quando localizadas nos munic\u00edpios localizados na Amaz\u00f4nia Ocidental ou no Pantanal (\u00e1reas de Mato Grosso ou de Mato Grosso do Sul); em 50 hectares, quando localizado em munic\u00edpio compreendido no Pol\u00edgono das Secas ou na Amaz\u00f4nia Oriental; e 30 hectares, se localizado em qualquer outro munic\u00edpio.<\/p>\n<p><\/p>\n<p><\/p>\n<p>J\u00e1 em rela\u00e7\u00e3o a isen\u00e7\u00e3o do ITR, disp\u00f5e a legisla\u00e7\u00e3o a impossibilidade de cobran\u00e7a do tributando quando os im\u00f3veis rurais est\u00e3o compreendidos em programas de reforma agr\u00e1ria e aos im\u00f3veis de um mesmo propriet\u00e1rio destinado a fam\u00edlia que n\u00e3o possui im\u00f3vel urbano, conforme prev\u00ea o a art. 3\u00ba da Lei 9.393\/1996.<\/p>\n<p><\/p>\n<p><\/p>\n<p>Contudo, \u00e9 importante ressaltar que mesmos os im\u00f3veis rurais isentos (pequenas glebas) devem apresentar declara\u00e7\u00e3o anual do ITR frente a Receita Federal.<\/p>\n<p><\/p>\n<p><\/p>\n<p>Com rela\u00e7\u00e3o a declara\u00e7\u00e3o anual do ITR, est\u00e1 deve ser realizada sobre cada im\u00f3vel rural que o propriet\u00e1rio possuir, destacando que no ano de 2022, a entrega destas dever\u00e3o ocorrer entre o dia 15 de agosto at\u00e9 o dia 30 de setembro.<\/p>\n<p><\/p>\n<p><\/p>\n<p>As declara\u00e7\u00f5es do ITR, podem ser realizadas diretamente pelo site da Receita Federal atrav\u00e9s do programa de declara\u00e7\u00e3o.<\/p>\n<p><\/p>\n<p><\/p>\n<p>Em caso de d\u00favidas na execu\u00e7\u00e3o da declara\u00e7\u00e3o do ITR, \u00e9 necess\u00e1rio buscar a orienta\u00e7\u00e3o de um profissional especializado acerca do preenchimento dos formul\u00e1rios de entrega do imposto, evitando irregularidades perante a Receita Federal.<\/p>\n<p><\/p>\n<p><\/p>\n<p>\u00c9 importante manter a aten\u00e7\u00e3o aos prazos mencionados para a realiza\u00e7\u00e3o da declara\u00e7\u00e3o, evitando a ocorr\u00eancia de esquecimentos na realiza\u00e7\u00e3o do ITR, vez que o atraso ou a n\u00e3o declara\u00e7\u00e3o, podem gerar multa calculada sobre o montante de 1% ao m\u00eas sobre o valor total do ITR devido, sendo o valor m\u00ednimo \u00e9 de R$ 50,00 (cinquenta reais); bem como pode ocorrer a impossibilidade de venda e financiamentos sobre a propriedade rural.<\/p>\n<p><\/p>\n<p><\/p>\n<p>Acerca do pagamento do ITR, a legisla\u00e7\u00e3o permite a realiza\u00e7\u00e3o deste de forma parcelada em at\u00e9 quatro cotas de mesmo valor, mensais e consecutivas, desde que nenhuma cota tenha valor inferior a R$ 50,00 (cinquenta reais). J\u00e1 o Imposto devido com valor inferior a R$ 100,00 (cem reais) deve ser pago em cota \u00fanica. \u00c9 importante frisar que tanto a primeira parcela como a cota \u00fanica devem ser pagas at\u00e9 30 de setembro de 2022.<\/p>\n<p><\/p>\n<p><\/p>\n<p>O recolhimento do ITR \u00e9 obriga\u00e7\u00e3o de todo produtor rural e \u00e9 algo que s\u00f3 traz benef\u00edcios para os neg\u00f3cios, pois permite o acesso a vantagens sendo as principais delas o cr\u00e9dito rural e o seguro rural necess\u00e1rios para o desenvolvimento e continuidade da atividade campesina desenvolvida.<\/p>\n<p><\/p>\n<p><\/p>\n<p><strong>Refer\u00eancias bibliogr\u00e1ficas:<\/strong><\/p>\n<p><\/p>\n<p><\/p>\n<p>BRASIL. Constitui\u00e7\u00e3o da Rep\u00fablica Federativa do Brasil de 1988. Dispon\u00edvel em: <a href=\"http:\/\/www.planalto.gov.br\/ccivil_03\/constituicao\/constituicao.htm\">http:\/\/www.planalto.gov.br\/ccivil_03\/constituicao\/constituicao.htm<\/a><\/p>\n<p><\/p>\n<p><\/p>\n<p>BRASIL. C\u00f3digo Tribut\u00e1rio Nacional. Dispon\u00edvel em: <a href=\"http:\/\/www.planalto.gov.br\/ccivil_03\/leis\/l5172compilado.htm\">http:\/\/www.planalto.gov.br\/ccivil_03\/leis\/l5172compilado.htm<\/a><\/p>\n<p><\/p>\n<p><\/p>\n<p>CHIMENTI, Ricardo Cunha. Direito Tribut\u00e1rio: Com Anota\u00e7\u00f5es Sobre Direito Financeiro, Direito Or\u00e7ament\u00e1rio e Lei de Responsabilidade Fiscal. 14. Ed. \u2013 S\u00e3o Paulo: Saraiva, 2011.<\/p>\n<p><\/p>\n<p><\/p>\n<p>SABBAG, Eduardo. Manual de Direito Tribut\u00e1rio. 3. Ed. \u2013 S\u00e3o Paulo: Saraiva, 2011.<\/p>\n<p><\/p>\n<p><\/p>\n<p class=\"has-text-align-right\"><strong>Maria Beatriz Colafatti Da Silva<\/strong><\/p>\n<p><\/p>\t\t\t\t\t\t\t\t<\/div>\n\t\t\t\t<\/div>\n\t\t\t\t\t<\/div>\n\t\t<\/div>\n\t\t\t\t\t<\/div>\n\t\t<\/section>\n\t\t\t\t<\/div>\n\t\t","protected":false},"excerpt":{"rendered":"<p>Inicialmente, \u00e9 importante esclarecer que o Imposto Sobre a Propriedade Territorial Rural (ITR) \u00e9 um tributo federal que se cobra anualmente das propriedades rurais. Este tributo \u00e9 pago pelo propriet\u00e1rio da terra (pessoas f\u00edsicas ou jur\u00eddicas), titulares de dom\u00ednio \u00fatil ou possuidoras de qualquer t\u00edtulo de im\u00f3vel rural, inclusive os usufrutu\u00e1rios e est\u00e1 regulado pela [&hellip;]<\/p>\n","protected":false},"author":1,"featured_media":2094,"comment_status":"open","ping_status":"open","sticky":false,"template":"","format":"standard","meta":{"site-sidebar-layout":"default","site-content-layout":"","ast-site-content-layout":"default","site-content-style":"default","site-sidebar-style":"default","ast-global-header-display":"","ast-banner-title-visibility":"","ast-main-header-display":"","ast-hfb-above-header-display":"","ast-hfb-below-header-display":"","ast-hfb-mobile-header-display":"","site-post-title":"","ast-breadcrumbs-content":"","ast-featured-img":"","footer-sml-layout":"","theme-transparent-header-meta":"","adv-header-id-meta":"","stick-header-meta":"","header-above-stick-meta":"","header-main-stick-meta":"","header-below-stick-meta":"","astra-migrate-meta-layouts":"default","ast-page-background-enabled":"default","ast-page-background-meta":{"desktop":{"background-color":"var(--ast-global-color-4)","background-image":"","background-repeat":"repeat","background-position":"center center","background-size":"auto","background-attachment":"scroll","background-type":"","background-media":"","overlay-type":"","overlay-color":"","overlay-opacity":"","overlay-gradient":""},"tablet":{"background-color":"","background-image":"","background-repeat":"repeat","background-position":"center center","background-size":"auto","background-attachment":"scroll","background-type":"","background-media":"","overlay-type":"","overlay-color":"","overlay-opacity":"","overlay-gradient":""},"mobile":{"background-color":"","background-image":"","background-repeat":"repeat","background-position":"center center","background-size":"auto","background-attachment":"scroll","background-type":"","background-media":"","overlay-type":"","overlay-color":"","overlay-opacity":"","overlay-gradient":""}},"ast-content-background-meta":{"desktop":{"background-color":"var(--ast-global-color-5)","background-image":"","background-repeat":"repeat","background-position":"center center","background-size":"auto","background-attachment":"scroll","background-type":"","background-media":"","overlay-type":"","overlay-color":"","overlay-opacity":"","overlay-gradient":""},"tablet":{"background-color":"var(--ast-global-color-5)","background-image":"","background-repeat":"repeat","background-position":"center center","background-size":"auto","background-attachment":"scroll","background-type":"","background-media":"","overlay-type":"","overlay-color":"","overlay-opacity":"","overlay-gradient":""},"mobile":{"background-color":"var(--ast-global-color-5)","background-image":"","background-repeat":"repeat","background-position":"center center","background-size":"auto","background-attachment":"scroll","background-type":"","background-media":"","overlay-type":"","overlay-color":"","overlay-opacity":"","overlay-gradient":""}},"footnotes":""},"categories":[1],"tags":[],"class_list":["post-2020","post","type-post","status-publish","format-standard","has-post-thumbnail","hentry","category-sem-categoria"],"_links":{"self":[{"href":"https:\/\/sleder.adv.br\/index.php?rest_route=\/wp\/v2\/posts\/2020","targetHints":{"allow":["GET"]}}],"collection":[{"href":"https:\/\/sleder.adv.br\/index.php?rest_route=\/wp\/v2\/posts"}],"about":[{"href":"https:\/\/sleder.adv.br\/index.php?rest_route=\/wp\/v2\/types\/post"}],"author":[{"embeddable":true,"href":"https:\/\/sleder.adv.br\/index.php?rest_route=\/wp\/v2\/users\/1"}],"replies":[{"embeddable":true,"href":"https:\/\/sleder.adv.br\/index.php?rest_route=%2Fwp%2Fv2%2Fcomments&post=2020"}],"version-history":[{"count":0,"href":"https:\/\/sleder.adv.br\/index.php?rest_route=\/wp\/v2\/posts\/2020\/revisions"}],"wp:featuredmedia":[{"embeddable":true,"href":"https:\/\/sleder.adv.br\/index.php?rest_route=\/wp\/v2\/media\/2094"}],"wp:attachment":[{"href":"https:\/\/sleder.adv.br\/index.php?rest_route=%2Fwp%2Fv2%2Fmedia&parent=2020"}],"wp:term":[{"taxonomy":"category","embeddable":true,"href":"https:\/\/sleder.adv.br\/index.php?rest_route=%2Fwp%2Fv2%2Fcategories&post=2020"},{"taxonomy":"post_tag","embeddable":true,"href":"https:\/\/sleder.adv.br\/index.php?rest_route=%2Fwp%2Fv2%2Ftags&post=2020"}],"curies":[{"name":"wp","href":"https:\/\/api.w.org\/{rel}","templated":true}]}}