{"id":3055,"date":"2023-05-23T14:09:42","date_gmt":"2023-05-23T17:09:42","guid":{"rendered":"https:\/\/sleder.adv.br\/?p=3055"},"modified":"2023-05-23T14:10:11","modified_gmt":"2023-05-23T17:10:11","slug":"os-efeitos-dos-debitos-de-natureza-tributaria-na-esfera-criminal","status":"publish","type":"post","link":"https:\/\/sleder.adv.br\/?p=3055","title":{"rendered":"OS EFEITOS DOS D\u00c9BITOS DE NATUREZA TRIBUT\u00c1RIA NA ESFERA CRIMINAL"},"content":{"rendered":"\t\t<div data-elementor-type=\"wp-post\" data-elementor-id=\"3055\" class=\"elementor elementor-3055\">\n\t\t\t\t\t\t<section class=\"elementor-section elementor-top-section elementor-element elementor-element-6744c1b1 elementor-section-boxed elementor-section-height-default elementor-section-height-default\" data-id=\"6744c1b1\" data-element_type=\"section\" data-e-type=\"section\">\n\t\t\t\t\t\t<div class=\"elementor-container elementor-column-gap-default\">\n\t\t\t\t\t<div class=\"elementor-column elementor-col-100 elementor-top-column elementor-element elementor-element-74288845\" data-id=\"74288845\" data-element_type=\"column\" data-e-type=\"column\">\n\t\t\t<div class=\"elementor-widget-wrap elementor-element-populated\">\n\t\t\t\t\t\t<div class=\"elementor-element elementor-element-55fc2bfd elementor-widget elementor-widget-text-editor\" data-id=\"55fc2bfd\" data-element_type=\"widget\" data-e-type=\"widget\" data-widget_type=\"text-editor.default\">\n\t\t\t\t<div class=\"elementor-widget-container\">\n\t\t\t\t\t\t\t\t\t\n<p>Em termos hist\u00f3ricos, o poder legislativo h\u00e1 muito j\u00e1 tutelava a rela\u00e7\u00e3o existente entre os d\u00e9bitos fiscais e os crimes que deles decorriam, com a publica\u00e7\u00e3o de leis como a de n\u00ba 9.964\/2000, que instituiu o Programa de Recupera\u00e7\u00e3o Fiscal, em que condicionava a suspens\u00e3o da pretens\u00e3o punitiva os contribuintes que aderissem a proposta antes do recebimento da den\u00fancia.<\/p>\n\n\n\n<p>Partindo-se desta l\u00f3gica, em crimes fiscais, como por exemplo a apropria\u00e7\u00e3o ind\u00e9bita previdenci\u00e1ria e a sonega\u00e7\u00e3o fiscal, a exigibilidade do tributo est\u00e1 diretamente relacionada com pretens\u00e3o punitiva estatal, embora searas distintas.<\/p>\n\n\n\n<p>A jurisprud\u00eancia, em termos evolutivos, tamb\u00e9m se voltava a decidir os marcos para a produ\u00e7\u00e3o dos efeitos da suspens\u00e3o, condicionando \u00e0 data de ades\u00e3o ao programa, inclusive firmando entendimento entre as Cortes do STJ atrav\u00e9s do HC no 206.986\/SC (2011\/0112309-6) em que \u201c<em>a incid\u00eancia das regras de extin\u00e7\u00e3o da punibilidade nas hip\u00f3teses de parcelamento do cr\u00e9dito tribut\u00e1rio, disciplinadas de formas distintas pelas nas Leis n.o 9.249\/1995 e n.o 9.964\/2000, depende da data na qual ocorreu a ades\u00e3o ao respectivo programa, sendo certo que a partir do \u00faltimo diploma legal tal fato apenas d\u00e1 ensejo \u00e0 suspens\u00e3o da pretens\u00e3o punitiva at\u00e9 a quita\u00e7\u00e3o integral das parcelas.<\/em>\u201d1<\/p>\n\n\n\n<p>Por sua vez, com o advento da Lei no 12.382\/2011, alterou-se o art. 83 da Lei no 9.430\/96, determinando a suspens\u00e3o da pretens\u00e3o punitiva do Estado durante o per\u00edodo em que o agente estiver incluso em parcelamento e desde que o parcelamento tenha sido efetuado antes do recebimento da den\u00fancia criminal.<\/p>\n\n\n\n<p>Assim, observa-se que caso tenha sido efetuado um parcelamento fiscal dos tributos que tamb\u00e9m originaram as infra\u00e7\u00f5es penais, tanto a exigibilidade do tributo quanto a pretens\u00e3o punitiva do estado ficariam suspensas at\u00e9 a quita\u00e7\u00e3o integral dos valores devidos.<\/p>\n\n\n\n<p>1 (STJ &#8211; HC: 206986 SC 2011\/0112309-6, Relator: Ministro JORGE MUSSI, Data de Julgamento: 03\/05\/2012, T5 &#8211; QUINTA TURMA, Data de Publica\u00e7\u00e3o: DJe 17\/05\/2012)<\/p>\n\n\n\n<p>Veja-se que a ades\u00e3o a programa de parcelamento n\u00e3o constitui causa de extin\u00e7\u00e3o da punibilidade, fato este que somente ir\u00e1 acontecer ap\u00f3s o pagamento integral do tributo, nos termos do entendimento da Corte Superior:<\/p>\n\n\n\n<p><em>PENAL. AGRAVO REGIMENTAL NO AGRAVO DE INSTRUMENTO. FUNDAMENTO INATACADO. S\u00daMULA 283\/STF. EXTIN\u00c7\u00c3O DA PUNIBILIDADE PELA ADES\u00c3O AO REFIS ANTES DO RECEBIMENTO DA DEN\u00daNCIA. INOCORR\u00caNCIA. 1 &#8211; &#8220;\u00c9 inadmiss\u00edvel o recurso extraordin\u00e1rio, quando a decis\u00e3o recorrida assenta em mais de um fundamento suficiente e o recurso n\u00e3o abrange todos eles.&#8221; (S\u00famula no 283\/STF) 2 &#8211; Esta Corte firmou a compreens\u00e3o de que a ades\u00e3o ao programa de parcelamento na vig\u00eancia da Lei no 9.964\/2000 &#8211; REFIS afasta a aplica\u00e7\u00e3o da Lei no 9.249\/95, acarretando t\u00e3o s\u00f3 a suspens\u00e3o do processo e do prazo prescricional, n\u00e3o havendo falar em extin\u00e7\u00e3o da punibilidade, que s\u00f3 se opera quando houver o pagamento integral do tributo, a teor do contido no art. 15, \u00a7 3o, do diploma legal. 3 &#8211; Agravo regimental a que se nega provimento. (AgRg no Ag 1272896\/MG, Rel. Ministro HAROLDO RODRIGUES (DESEMBARGADOR CONVOCADO DO TJ\/CE), SEXTA TURMA, julgado em 28\/09\/2010, DJe 16\/11\/2010.)<\/em><\/p>\n\n\n\n<p>Ora, do que fora exposto pelo entendimento jurisprudencial retira-se que somente a quita\u00e7\u00e3o do d\u00e9bito tribut\u00e1rio \u00e9 capaz de extinguir a punibilidade do agente. Desta forma, eventual parcelamento em curso apenas impede o regular tr\u00e2mite da a\u00e7\u00e3o penal e a sua consequente prola\u00e7\u00e3o de senten\u00e7a, contudo, a constitui\u00e7\u00e3o da a\u00e7\u00e3o penal permanece inalterada, eis que apenas seria capaz de impedir o seu in\u00edcio com a quita\u00e7\u00e3o regular do d\u00e9bito tribut\u00e1rio.<\/p>\n\n\n\n<p>Em termos pr\u00e1ticos, se caso efetuado um parcelamento entre o contribuinte e o ente fiscal e em momento posterior tenha sido recebida a den\u00fancia em seu desfavor, h\u00e1 evidente nulidade processual ante a suspens\u00e3o imediata da pretens\u00e3o punitiva do estado no ato do parcelamento, que impede a ado\u00e7\u00e3o de quaisquer medidas de persecu\u00e7\u00e3o criminal.<\/p>\n\n\n\n<p>Em suma, verifica-se que o parcelamento de d\u00e9bito fiscal suspende a pretens\u00e3o punitiva estatal, enquanto o pagamento integral do d\u00e9bito, por sua vez, possui o cond\u00e3o de extinguir a punibilidade pelo suposto ato criminoso, devendo ser analisada a situa\u00e7\u00e3o caso a caso para se viabilizar a melhor estrat\u00e9gia jur\u00eddico-processual para a solu\u00e7\u00e3o da controv\u00e9rsia.<\/p>\n\n\n\n<p>Ricardo Augusto Sarmiento.<\/p>\n\t\t\t\t\t\t\t\t<\/div>\n\t\t\t\t<\/div>\n\t\t\t\t\t<\/div>\n\t\t<\/div>\n\t\t\t\t\t<\/div>\n\t\t<\/section>\n\t\t\t\t<\/div>\n\t\t","protected":false},"excerpt":{"rendered":"<p>Em termos hist\u00f3ricos, o poder legislativo h\u00e1 muito j\u00e1 tutelava a rela\u00e7\u00e3o existente entre os d\u00e9bitos fiscais e os crimes que deles decorriam, com a publica\u00e7\u00e3o de leis como a de n\u00ba 9.964\/2000, que instituiu o Programa de Recupera\u00e7\u00e3o Fiscal, em que condicionava a suspens\u00e3o da pretens\u00e3o punitiva os contribuintes que aderissem a proposta antes [&hellip;]<\/p>\n","protected":false},"author":1,"featured_media":3056,"comment_status":"open","ping_status":"open","sticky":false,"template":"","format":"standard","meta":{"site-sidebar-layout":"default","site-content-layout":"","ast-site-content-layout":"default","site-content-style":"default","site-sidebar-style":"default","ast-global-header-display":"","ast-banner-title-visibility":"","ast-main-header-display":"","ast-hfb-above-header-display":"","ast-hfb-below-header-display":"","ast-hfb-mobile-header-display":"","site-post-title":"","ast-breadcrumbs-content":"","ast-featured-img":"","footer-sml-layout":"","theme-transparent-header-meta":"","adv-header-id-meta":"","stick-header-meta":"","header-above-stick-meta":"","header-main-stick-meta":"","header-below-stick-meta":"","astra-migrate-meta-layouts":"default","ast-page-background-enabled":"default","ast-page-background-meta":{"desktop":{"background-color":"var(--ast-global-color-4)","background-image":"","background-repeat":"repeat","background-position":"center center","background-size":"auto","background-attachment":"scroll","background-type":"","background-media":"","overlay-type":"","overlay-color":"","overlay-opacity":"","overlay-gradient":""},"tablet":{"background-color":"","background-image":"","background-repeat":"repeat","background-position":"center center","background-size":"auto","background-attachment":"scroll","background-type":"","background-media":"","overlay-type":"","overlay-color":"","overlay-opacity":"","overlay-gradient":""},"mobile":{"background-color":"","background-image":"","background-repeat":"repeat","background-position":"center center","background-size":"auto","background-attachment":"scroll","background-type":"","background-media":"","overlay-type":"","overlay-color":"","overlay-opacity":"","overlay-gradient":""}},"ast-content-background-meta":{"desktop":{"background-color":"var(--ast-global-color-5)","background-image":"","background-repeat":"repeat","background-position":"center center","background-size":"auto","background-attachment":"scroll","background-type":"","background-media":"","overlay-type":"","overlay-color":"","overlay-opacity":"","overlay-gradient":""},"tablet":{"background-color":"var(--ast-global-color-5)","background-image":"","background-repeat":"repeat","background-position":"center center","background-size":"auto","background-attachment":"scroll","background-type":"","background-media":"","overlay-type":"","overlay-color":"","overlay-opacity":"","overlay-gradient":""},"mobile":{"background-color":"var(--ast-global-color-5)","background-image":"","background-repeat":"repeat","background-position":"center center","background-size":"auto","background-attachment":"scroll","background-type":"","background-media":"","overlay-type":"","overlay-color":"","overlay-opacity":"","overlay-gradient":""}},"footnotes":""},"categories":[1],"tags":[],"class_list":["post-3055","post","type-post","status-publish","format-standard","has-post-thumbnail","hentry","category-sem-categoria"],"_links":{"self":[{"href":"https:\/\/sleder.adv.br\/index.php?rest_route=\/wp\/v2\/posts\/3055","targetHints":{"allow":["GET"]}}],"collection":[{"href":"https:\/\/sleder.adv.br\/index.php?rest_route=\/wp\/v2\/posts"}],"about":[{"href":"https:\/\/sleder.adv.br\/index.php?rest_route=\/wp\/v2\/types\/post"}],"author":[{"embeddable":true,"href":"https:\/\/sleder.adv.br\/index.php?rest_route=\/wp\/v2\/users\/1"}],"replies":[{"embeddable":true,"href":"https:\/\/sleder.adv.br\/index.php?rest_route=%2Fwp%2Fv2%2Fcomments&post=3055"}],"version-history":[{"count":0,"href":"https:\/\/sleder.adv.br\/index.php?rest_route=\/wp\/v2\/posts\/3055\/revisions"}],"wp:featuredmedia":[{"embeddable":true,"href":"https:\/\/sleder.adv.br\/index.php?rest_route=\/wp\/v2\/media\/3056"}],"wp:attachment":[{"href":"https:\/\/sleder.adv.br\/index.php?rest_route=%2Fwp%2Fv2%2Fmedia&parent=3055"}],"wp:term":[{"taxonomy":"category","embeddable":true,"href":"https:\/\/sleder.adv.br\/index.php?rest_route=%2Fwp%2Fv2%2Fcategories&post=3055"},{"taxonomy":"post_tag","embeddable":true,"href":"https:\/\/sleder.adv.br\/index.php?rest_route=%2Fwp%2Fv2%2Ftags&post=3055"}],"curies":[{"name":"wp","href":"https:\/\/api.w.org\/{rel}","templated":true}]}}